{"id":17370,"date":"2026-01-12T09:56:46","date_gmt":"2026-01-12T08:56:46","guid":{"rendered":"https:\/\/www.osezmauges.fr\/evenements-pro\/?p=17370"},"modified":"2026-01-12T09:56:47","modified_gmt":"2026-01-12T08:56:47","slug":"planifier-vos-prochaines-rencontres-pro-en-2026","status":"publish","type":"post","link":"https:\/\/www.osezmauges.fr\/evenements-pro\/2026\/01\/12\/planifier-vos-prochaines-rencontres-pro-en-2026\/","title":{"rendered":"Et si en 2026, on ne prenait\u2026 aucune r\u00e9solution pour la nouvelle ann\u00e9e ?"},"content":{"rendered":"\n<p class=\"is-style-excerpt\">\u2728 <strong>Bonne ann\u00e9e 2026 \u00e0 tous.tes !<\/strong><br>Janvier est l\u00e0, et avec lui son rituel de bonnes r\u00e9solutions\u2026 qu\u2019on sait d\u00e9j\u00e0 qu\u2019on ne tiendra pas \ud83d\ude0f. Cette ann\u00e9e, on fait le pari du contre-pied : des \u00e9v\u00e9nements f\u00e9d\u00e9rateurs, efficaces et inspirants\u2026 sans listes interminables ni cases \u00e0 cocher. <strong>La suite ? 5 anti-r\u00e8gles pour planifier vos prochaines rencontres pro ! \ud83d\ude80<\/strong><\/p>\n\n\n\n<figure class=\"wp-block-image alignwide size-full\"><img width=\"1200\" height=\"800\" data-src=\"https:\/\/www.osezmauges.fr\/evenements-pro\/wp-content\/uploads\/sites\/2\/2026\/01\/tourisme-affaires-reunion-cap-loire-parc-decouverte-msl-montjean-sur-loire-osez-mauges-\u00a9F.Crampon-5.jpg\" alt=\"\" class=\"wp-image-17380\" srcset=\"https:\/\/www.osezmauges.fr\/evenements-pro\/wp-content\/uploads\/sites\/2\/2026\/01\/tourisme-affaires-reunion-cap-loire-parc-decouverte-msl-montjean-sur-loire-osez-mauges-\u00a9F.Crampon-5.jpg 1200w, https:\/\/www.osezmauges.fr\/evenements-pro\/wp-content\/uploads\/sites\/2\/2026\/01\/tourisme-affaires-reunion-cap-loire-parc-decouverte-msl-montjean-sur-loire-osez-mauges-\u00a9F.Crampon-5-600x400.jpg 600w, https:\/\/www.osezmauges.fr\/evenements-pro\/wp-content\/uploads\/sites\/2\/2026\/01\/tourisme-affaires-reunion-cap-loire-parc-decouverte-msl-montjean-sur-loire-osez-mauges-\u00a9F.Crampon-5-300x200.jpg 300w, https:\/\/www.osezmauges.fr\/evenements-pro\/wp-content\/uploads\/sites\/2\/2026\/01\/tourisme-affaires-reunion-cap-loire-parc-decouverte-msl-montjean-sur-loire-osez-mauges-\u00a9F.Crampon-5-900x600.jpg 900w, https:\/\/www.osezmauges.fr\/evenements-pro\/wp-content\/uploads\/sites\/2\/2026\/01\/tourisme-affaires-reunion-cap-loire-parc-decouverte-msl-montjean-sur-loire-osez-mauges-\u00a9F.Crampon-5-650x433.jpg 650w\" sizes=\"(max-width: 1200px) 100vw, 1200px\" \/><figcaption>R\u00e9union d&rsquo;\u00e9quipe \u00e0 Cap Loire \u00a9 F.Crampon<\/figcaption><\/figure>\n\n\n\n<h2 class=\"wp-block-heading\">1\ufe0f\u20e3 Ne pas voyager loin pour se rapprocher <\/h2>\n\n\n\n<p><strong>Parfois, il suffit de changer de d\u00e9cor\u2026 pas de destination. <\/strong><\/p>\n\n\n\n<p>Dans les Mauges, proximit\u00e9 rime avec efficacit\u00e9, s\u00e9r\u00e9nit\u00e9\u2026 et responsabilit\u00e9 ! Moins de route, moins de stress, moins d\u2019impact environnemental, et plus de temps pour se concentrer sur l\u2019essentiel : vos \u00e9quipes et vos \u00e9v\u00e9nements partag\u00e9s.<\/p>\n\n\n\n<p>Ici, vous avez <strong>tout sous la main pour vos rencontres pro<\/strong> : des <strong><a href=\"https:\/\/www.osezmauges.fr\/evenements-pro\/organiser-son-evenement-pro\/salle-seminaire\/\" target=\"_blank\" rel=\"noreferrer noopener\">salles de r\u00e9ception modulables<\/a> et chaleureuses<\/strong>, des <strong><a href=\"https:\/\/www.osezmauges.fr\/evenements-pro\/organiser-son-evenement-pro\/team-building-angers-nantes-cholet\/\" target=\"_blank\" rel=\"noreferrer noopener\">activit\u00e9s team-building vari\u00e9es<\/a><\/strong>, et des <strong>espaces en pleine nature<\/strong>, \u00e0 deux pas des grands axes. Montjean-sur-Loire \u00e0 25 min d\u2019Angers, Champtoceaux \u00e0 40 min de Nantes, Saint-Macaire-en-Mauges \u00e0 15 min de Cholet\u2026 et bien d\u2019autres lieux qui s\u2019adaptent \u00e0 toutes vos envies.<\/p>\n\n\n\n<p>Le tout, sans quitter les Pays de la Loire, et en gardant l\u2019essentiel \u00e0 port\u00e9e de main. Int\u00e9ressant non ? \ud83d\ude09<\/p>\n\n\n\n<div class=\"wp-block-buttons is-content-justification-center is-layout-flex wp-block-buttons-is-layout-flex\">\n<div class=\"wp-block-button\"><a class=\"wp-block-button__link\" href=\"https:\/\/www.osezmauges.fr\/evenements-pro\/seminaire-choisir-les-mauges\/seminaire-angers-nature\/\" target=\"_blank\" rel=\"noreferrer noopener\">OPTEZ POUR UNE PARENTHese 100% nature<\/a><\/div>\n<\/div>\n\n\n\n<figure class=\"wp-block-image size-full\"><img width=\"1040\" height=\"508\" data-src=\"https:\/\/www.osezmauges.fr\/evenements-pro\/wp-content\/uploads\/sites\/2\/2026\/01\/Capture-decran-2026-01-09-145116.png\" alt=\"\" class=\"wp-image-17373\" srcset=\"https:\/\/www.osezmauges.fr\/evenements-pro\/wp-content\/uploads\/sites\/2\/2026\/01\/Capture-decran-2026-01-09-145116.png 1040w, https:\/\/www.osezmauges.fr\/evenements-pro\/wp-content\/uploads\/sites\/2\/2026\/01\/Capture-decran-2026-01-09-145116-600x293.png 600w, https:\/\/www.osezmauges.fr\/evenements-pro\/wp-content\/uploads\/sites\/2\/2026\/01\/Capture-decran-2026-01-09-145116-300x147.png 300w, https:\/\/www.osezmauges.fr\/evenements-pro\/wp-content\/uploads\/sites\/2\/2026\/01\/Capture-decran-2026-01-09-145116-900x440.png 900w, https:\/\/www.osezmauges.fr\/evenements-pro\/wp-content\/uploads\/sites\/2\/2026\/01\/Capture-decran-2026-01-09-145116-650x318.png 650w\" sizes=\"(max-width: 1040px) 100vw, 1040px\" \/><\/figure>\n\n\n\n<h2 class=\"wp-block-heading\">2\ufe0f\u20e3Ne pas oublier que le fun est s\u00e9rieux<\/h2>\n\n\n\n<p>Un team-building, ce n\u2019est pas juste une date \u00e0 cocher dans l&rsquo;agenda.<\/p>\n\n\n\n<p>C\u2019est <strong>un vrai moteur pour vos \u00e9quipes<\/strong> : un moment o\u00f9 elles se ressourcent, se motivent, rient ensemble et apprennent \u00e0 mieux collaborer sans m\u00eame s\u2019en rendre compte. Le fun n\u2019est pas un bonus : il <strong>stimule la cr\u00e9ativit\u00e9, renforce les liens et met tout le monde dans une \u00e9nergie positive<\/strong> qui dure bien au-del\u00e0 du s\u00e9minaire.<\/p>\n\n\n\n<p>Et c\u00f4t\u00e9 activit\u00e9s, pourquoi se contenter du classique ?  Allez, <strong>on vous souffle quelques id\u00e9es qui font vraiment la diff\u00e9rence<\/strong> ! \u2b07\ufe0f<\/p>\n\n\n\n<div class=\"wp-block-columns alignfull is-layout-flex wp-container-core-columns-is-layout-9d6595d7 wp-block-columns-is-layout-flex\">\n<div class=\"wp-block-column is-layout-flow wp-block-column-is-layout-flow\">\n<figure class=\"wp-block-image size-full\"><img width=\"1090\" height=\"746\" data-src=\"https:\/\/www.osezmauges.fr\/evenements-pro\/wp-content\/uploads\/sites\/2\/2025\/06\/Capture-decran-2024-01-09-a-16.33.08-min.png\" alt=\"\" class=\"wp-image-15775\" srcset=\"https:\/\/www.osezmauges.fr\/evenements-pro\/wp-content\/uploads\/sites\/2\/2025\/06\/Capture-decran-2024-01-09-a-16.33.08-min.png 1090w, https:\/\/www.osezmauges.fr\/evenements-pro\/wp-content\/uploads\/sites\/2\/2025\/06\/Capture-decran-2024-01-09-a-16.33.08-min-600x411.png 600w, https:\/\/www.osezmauges.fr\/evenements-pro\/wp-content\/uploads\/sites\/2\/2025\/06\/Capture-decran-2024-01-09-a-16.33.08-min-300x205.png 300w, https:\/\/www.osezmauges.fr\/evenements-pro\/wp-content\/uploads\/sites\/2\/2025\/06\/Capture-decran-2024-01-09-a-16.33.08-min-900x616.png 900w, https:\/\/www.osezmauges.fr\/evenements-pro\/wp-content\/uploads\/sites\/2\/2025\/06\/Capture-decran-2024-01-09-a-16.33.08-min-650x445.png 650w\" sizes=\"(max-width: 1090px) 100vw, 1090px\" \/><figcaption>Escape game nomade avec Dyna&rsquo;Meet \u00a9 Dyna&rsquo;Meet<\/figcaption><\/figure>\n<\/div>\n\n\n\n<div class=\"wp-block-column is-layout-flow wp-block-column-is-layout-flow\">\n<figure class=\"wp-block-image size-full\"><img width=\"1200\" height=\"799\" data-src=\"https:\/\/www.osezmauges.fr\/evenements-pro\/wp-content\/uploads\/sites\/2\/2025\/06\/yoga-du-rire-team-building-tourlandry-osez-mauges-\u00a9F.Crampon-43.jpg\" alt=\"\" class=\"wp-image-15936\" srcset=\"https:\/\/www.osezmauges.fr\/evenements-pro\/wp-content\/uploads\/sites\/2\/2025\/06\/yoga-du-rire-team-building-tourlandry-osez-mauges-\u00a9F.Crampon-43.jpg 1200w, https:\/\/www.osezmauges.fr\/evenements-pro\/wp-content\/uploads\/sites\/2\/2025\/06\/yoga-du-rire-team-building-tourlandry-osez-mauges-\u00a9F.Crampon-43-600x400.jpg 600w, https:\/\/www.osezmauges.fr\/evenements-pro\/wp-content\/uploads\/sites\/2\/2025\/06\/yoga-du-rire-team-building-tourlandry-osez-mauges-\u00a9F.Crampon-43-300x200.jpg 300w, https:\/\/www.osezmauges.fr\/evenements-pro\/wp-content\/uploads\/sites\/2\/2025\/06\/yoga-du-rire-team-building-tourlandry-osez-mauges-\u00a9F.Crampon-43-900x599.jpg 900w, https:\/\/www.osezmauges.fr\/evenements-pro\/wp-content\/uploads\/sites\/2\/2025\/06\/yoga-du-rire-team-building-tourlandry-osez-mauges-\u00a9F.Crampon-43-650x433.jpg 650w\" sizes=\"(max-width: 1200px) 100vw, 1200px\" \/><figcaption>Yoga du rire avec Bel Avenir Coaching \u00a9 F.Crampon<\/figcaption><\/figure>\n<\/div>\n\n\n\n<div class=\"wp-block-column is-layout-flow wp-block-column-is-layout-flow\">\n<figure class=\"wp-block-image size-large\"><img width=\"1200\" height=\"900\" data-src=\"https:\/\/www.osezmauges.fr\/evenements-pro\/wp-content\/uploads\/sites\/2\/2025\/06\/457099294_494421180008173_3537085234567233962_n-1200x900.jpg\" alt=\"\" class=\"wp-image-15763\" srcset=\"https:\/\/www.osezmauges.fr\/evenements-pro\/wp-content\/uploads\/sites\/2\/2025\/06\/457099294_494421180008173_3537085234567233962_n-1200x900.jpg 1200w, https:\/\/www.osezmauges.fr\/evenements-pro\/wp-content\/uploads\/sites\/2\/2025\/06\/457099294_494421180008173_3537085234567233962_n-600x450.jpg 600w, https:\/\/www.osezmauges.fr\/evenements-pro\/wp-content\/uploads\/sites\/2\/2025\/06\/457099294_494421180008173_3537085234567233962_n-300x225.jpg 300w, https:\/\/www.osezmauges.fr\/evenements-pro\/wp-content\/uploads\/sites\/2\/2025\/06\/457099294_494421180008173_3537085234567233962_n-900x675.jpg 900w, https:\/\/www.osezmauges.fr\/evenements-pro\/wp-content\/uploads\/sites\/2\/2025\/06\/457099294_494421180008173_3537085234567233962_n-650x488.jpg 650w, https:\/\/www.osezmauges.fr\/evenements-pro\/wp-content\/uploads\/sites\/2\/2025\/06\/457099294_494421180008173_3537085234567233962_n.jpg 1500w\" sizes=\"(max-width: 1200px) 100vw, 1200px\" \/><figcaption>Olympiades avec Pierre \u00c9v\u00e8nements \u00a9 PE<\/figcaption><\/figure>\n<\/div>\n<\/div>\n\n\n\n<p>Un peu de <strong><a href=\"https:\/\/www.osezmauges.fr\/evenements-pro\/organiser-son-evenement-pro\/team-building-angers-nantes-cholet\/activites-ludiques\/team-building-yoga-rire-2\/\" target=\"_blank\" rel=\"noreferrer noopener\">yoga du rire avec Bel Avenir Coaching<\/a><\/strong> pour rel\u00e2cher les tensions et repartir le sourire aux l\u00e8vres, des <strong><a href=\"https:\/\/www.osezmauges.fr\/evenements-pro\/organiser-son-evenement-pro\/team-building-angers-nantes-cholet\/activites-ludiques\/olympiades-et-challenge-100-fun-avec-pierre-evenements\/\" target=\"_blank\" rel=\"noreferrer noopener\">olympiades avec Pierre \u00c9v\u00e9nements<\/a><\/strong> pour r\u00e9veiller l\u2019esprit d\u2019\u00e9quipe et se challenger, ou un <strong><a href=\"https:\/\/www.osezmauges.fr\/evenements-pro\/organiser-son-evenement-pro\/team-building-angers-nantes-cholet\/activites-ludiques\/team-building-escape-game-nomade\/\" target=\"_blank\" rel=\"noreferrer noopener\">escape game nomade avec Dyna\u2019Meet<\/a><\/strong> pour r\u00e9soudre des \u00e9nigmes, apprendre \u00e0 mieux communiquer\u2026 et vivre un vrai moment collectif.<\/p>\n\n\n\n<p>R\u00e9sultat ? <strong>Des \u00e9quipes qui se challengent et repartent soud\u00e9es\u2026 et \u00e7a se ressent dans le quotidien au bureau<\/strong> !<\/p>\n\n\n\n<h2 class=\"wp-block-heading\">3\ufe0f\u20e3 Ne pas oublier pourquoi on se r\u00e9unit <\/h2>\n\n\n\n<div class=\"wp-block-media-text alignwide is-stacked-on-mobile is-image-fill\"><figure class=\"wp-block-media-text__media\" style=\"background-image:url(https:\/\/www.osezmauges.fr\/evenements-pro\/wp-content\/uploads\/sites\/2\/2026\/01\/tourisme-affaires-reunion-cap-loire-parc-decouverte-msl-montjean-sur-loire-osez-mauges-\u00a9F.Crampon-11.jpg);background-position:50% 50%\"><img width=\"1200\" height=\"799\" data-src=\"https:\/\/www.osezmauges.fr\/evenements-pro\/wp-content\/uploads\/sites\/2\/2026\/01\/tourisme-affaires-reunion-cap-loire-parc-decouverte-msl-montjean-sur-loire-osez-mauges-\u00a9F.Crampon-11.jpg\" alt=\"\" class=\"wp-image-17377 size-full\" srcset=\"https:\/\/www.osezmauges.fr\/evenements-pro\/wp-content\/uploads\/sites\/2\/2026\/01\/tourisme-affaires-reunion-cap-loire-parc-decouverte-msl-montjean-sur-loire-osez-mauges-\u00a9F.Crampon-11.jpg 1200w, https:\/\/www.osezmauges.fr\/evenements-pro\/wp-content\/uploads\/sites\/2\/2026\/01\/tourisme-affaires-reunion-cap-loire-parc-decouverte-msl-montjean-sur-loire-osez-mauges-\u00a9F.Crampon-11-600x400.jpg 600w, https:\/\/www.osezmauges.fr\/evenements-pro\/wp-content\/uploads\/sites\/2\/2026\/01\/tourisme-affaires-reunion-cap-loire-parc-decouverte-msl-montjean-sur-loire-osez-mauges-\u00a9F.Crampon-11-300x200.jpg 300w, https:\/\/www.osezmauges.fr\/evenements-pro\/wp-content\/uploads\/sites\/2\/2026\/01\/tourisme-affaires-reunion-cap-loire-parc-decouverte-msl-montjean-sur-loire-osez-mauges-\u00a9F.Crampon-11-900x599.jpg 900w, https:\/\/www.osezmauges.fr\/evenements-pro\/wp-content\/uploads\/sites\/2\/2026\/01\/tourisme-affaires-reunion-cap-loire-parc-decouverte-msl-montjean-sur-loire-osez-mauges-\u00a9F.Crampon-11-650x433.jpg 650w\" sizes=\"(max-width: 1200px) 100vw, 1200px\" \/><\/figure><div class=\"wp-block-media-text__content\">\n<p>Peu importe le type d\u2019\u00e9v\u00e9nement, chaque moment pass\u00e9 ensemble doit avoir du sens. \ud83d\udca1 C\u2019est l\u2019occasion de <strong>renforcer les liens, faire avancer des projets, stimuler la cr\u00e9ativit\u00e9, ou tout simplement sortir du cadre du quotidien<\/strong>.<\/p>\n\n\n\n<p>Quand l\u2019objectif est clair, tout s\u2019encha\u00eene naturellement : les \u00e9changes sont plus riches, les id\u00e9es circulent, et les \u00e9quipes repartent motiv\u00e9es et plus soud\u00e9es. Ces moments <strong>cr\u00e9ent de vrais souvenirs, renforcent la coh\u00e9sion et insufflent une bonne \u00e9nergie dans le quotidien<\/strong>, pour que chaque rencontre ait un impact durable.<\/p>\n\n\n\n<p>Bref, se r\u00e9unir avec un vrai objectif, c\u2019est s\u2019assurer que le temps pass\u00e9 ensemble <strong>fait vraiment la diff\u00e9rence<\/strong>.<\/p>\n\n\n\n<div class=\"wp-block-buttons is-content-justification-center is-layout-flex wp-block-buttons-is-layout-flex\">\n<div class=\"wp-block-button\"><a class=\"wp-block-button__link\" href=\"https:\/\/www.osezmauges.fr\/evenements-pro\/organiser-son-evenement-pro\/\" target=\"_blank\" rel=\"noreferrer noopener\">ORGANISEZ VOTRE \u00c9V\u00c8NEMENT D&rsquo;ENTREPRISE<\/a><\/div>\n<\/div>\n<\/div><\/div>\n\n\n\n<h2 class=\"wp-block-heading\">4\ufe0f\u20e3 Ne pas faire compliqu\u00e9 quand on peut faire simple<\/h2>\n\n\n\n<p>Inutile d\u2019en faire trop pour marquer les esprits. Un \u00e9v\u00e9nement pro r\u00e9ussi, ce n\u2019est pas forc\u00e9ment un lieu XXL ou un d\u00e9cor ultra sophistiqu\u00e9. Bien souvent, ce sont les <strong>endroits authentiques et bien choisis<\/strong> qui cr\u00e9ent les meilleurs moments \ud83c\udf3f<\/p>\n\n\n\n<p>Dans les Mauges, on mise sur des lieux <strong>\u00e0 taille humaine<\/strong>, inspirants et chaleureux, qui invitent naturellement \u00e0 l\u2019\u00e9change et \u00e0 la convivialit\u00e9. Des espaces o\u00f9 l\u2019on se sent bien, o\u00f9 l\u2019on travaille efficacement, et o\u00f9 les \u00e9quipes prennent plaisir \u00e0 se retrouver. Parce que quand le cadre est juste, tout devient plus fluide : les discussions, les id\u00e9es, les d\u00e9cisions.<\/p>\n\n\n\n<p>Faire simple, c\u2019est aussi <strong>aller \u00e0 l\u2019essentiel<\/strong> : moins de logistique inutile, plus de sens, plus de temps pour vos \u00e9quipes. Et souvent, ce sont ces choix-l\u00e0 qui rendent un \u00e9v\u00e9nement vraiment m\u00e9morable \u2728<\/p>\n\n\n\n<figure class=\"wp-block-gallery alignwide columns-2 is-cropped wp-block-gallery-1 is-layout-flex wp-block-gallery-is-layout-flex\"><ul class=\"blocks-gallery-grid\"><li class=\"blocks-gallery-item\"><figure><img width=\"1200\" height=\"800\" data-src=\"https:\/\/www.osezmauges.fr\/evenements-pro\/wp-content\/uploads\/sites\/2\/2025\/03\/gites-douceur-des-mauges-doltiere-pierre-a-vue-bem-geste-osez-mauges-\u00a9D.Drouet-120-1200x800.jpg\" alt=\"\" data-id=\"14608\" data-full-url=\"https:\/\/www.osezmauges.fr\/evenements-pro\/wp-content\/uploads\/sites\/2\/2025\/03\/gites-douceur-des-mauges-doltiere-pierre-a-vue-bem-geste-osez-mauges-\u00a9D.Drouet-120.jpg\" data-link=\"https:\/\/www.osezmauges.fr\/evenements-pro\/organiser-son-evenement-pro\/salle-seminaire\/salles-de-seminaire-douceur-des-mauges\/gites-douceur-des-mauges-doltiere-pierre-a-vue-bem-geste-osez-mauges-d-drouet-120\/\" class=\"wp-image-14608\" srcset=\"https:\/\/www.osezmauges.fr\/evenements-pro\/wp-content\/uploads\/sites\/2\/2025\/03\/gites-douceur-des-mauges-doltiere-pierre-a-vue-bem-geste-osez-mauges-\u00a9D.Drouet-120-1200x800.jpg 1200w, https:\/\/www.osezmauges.fr\/evenements-pro\/wp-content\/uploads\/sites\/2\/2025\/03\/gites-douceur-des-mauges-doltiere-pierre-a-vue-bem-geste-osez-mauges-\u00a9D.Drouet-120-600x400.jpg 600w, https:\/\/www.osezmauges.fr\/evenements-pro\/wp-content\/uploads\/sites\/2\/2025\/03\/gites-douceur-des-mauges-doltiere-pierre-a-vue-bem-geste-osez-mauges-\u00a9D.Drouet-120-300x200.jpg 300w, https:\/\/www.osezmauges.fr\/evenements-pro\/wp-content\/uploads\/sites\/2\/2025\/03\/gites-douceur-des-mauges-doltiere-pierre-a-vue-bem-geste-osez-mauges-\u00a9D.Drouet-120-900x600.jpg 900w, https:\/\/www.osezmauges.fr\/evenements-pro\/wp-content\/uploads\/sites\/2\/2025\/03\/gites-douceur-des-mauges-doltiere-pierre-a-vue-bem-geste-osez-mauges-\u00a9D.Drouet-120-650x433.jpg 650w, https:\/\/www.osezmauges.fr\/evenements-pro\/wp-content\/uploads\/sites\/2\/2025\/03\/gites-douceur-des-mauges-doltiere-pierre-a-vue-bem-geste-osez-mauges-\u00a9D.Drouet-120.jpg 1500w\" sizes=\"(max-width: 1200px) 100vw, 1200px\" \/><figcaption class=\"blocks-gallery-item__caption\">Douceur des Mauges \u00a9 D.Drouet<\/figcaption><\/figure><\/li><li class=\"blocks-gallery-item\"><figure><img width=\"1200\" height=\"945\" data-src=\"https:\/\/www.osezmauges.fr\/evenements-pro\/wp-content\/uploads\/sites\/2\/2025\/03\/Facade-de-la-grange-1200x945.jpg\" alt=\"\" data-id=\"14589\" data-full-url=\"https:\/\/www.osezmauges.fr\/evenements-pro\/wp-content\/uploads\/sites\/2\/2025\/03\/Facade-de-la-grange.jpg\" data-link=\"https:\/\/www.osezmauges.fr\/evenements-pro\/organiser-son-evenement-pro\/salle-seminaire\/salle-de-seminaire-la-petite-felixiere\/facade-de-la-grange\/\" class=\"wp-image-14589\" srcset=\"https:\/\/www.osezmauges.fr\/evenements-pro\/wp-content\/uploads\/sites\/2\/2025\/03\/Facade-de-la-grange-1200x945.jpg 1200w, https:\/\/www.osezmauges.fr\/evenements-pro\/wp-content\/uploads\/sites\/2\/2025\/03\/Facade-de-la-grange-600x472.jpg 600w, https:\/\/www.osezmauges.fr\/evenements-pro\/wp-content\/uploads\/sites\/2\/2025\/03\/Facade-de-la-grange-300x236.jpg 300w, https:\/\/www.osezmauges.fr\/evenements-pro\/wp-content\/uploads\/sites\/2\/2025\/03\/Facade-de-la-grange-900x709.jpg 900w, https:\/\/www.osezmauges.fr\/evenements-pro\/wp-content\/uploads\/sites\/2\/2025\/03\/Facade-de-la-grange-650x512.jpg 650w, https:\/\/www.osezmauges.fr\/evenements-pro\/wp-content\/uploads\/sites\/2\/2025\/03\/Facade-de-la-grange.jpg 1500w\" sizes=\"(max-width: 1200px) 100vw, 1200px\" \/><figcaption class=\"blocks-gallery-item__caption\">La Petite F\u00e9lixi\u00e8re \u00a9 Brin<\/figcaption><\/figure><\/li><\/ul><\/figure>\n\n\n<div class=\"wp-block wp-block-highlight\">\n            <h3 class=\"wp-block-highlight-item wp-block-highlight-title\">\u2728 Nos bonnes adresses pour un \u00e9v\u00e9nement r\u00e9ussi<\/h3>\n                <p class=\"wp-block-highlight-item wp-block-highlight-excerpt\">Besoin d\u2019un cadre qui combine <strong>efficacit\u00e9 et convivialit\u00e9<\/strong> pour vos r\u00e9unions, s\u00e9minaires ou team-building ? <strong><a href=\"https:\/\/www.osezmauges.fr\/evenements-pro\/organiser-son-evenement-pro\/salle-seminaire\/salles-de-seminaire-douceur-des-mauges\/\" target=\"_blank\" rel=\"noreferrer noopener\">Douceur des Mauges<\/a><\/strong> (Gest\u00e9) et <strong><a href=\"https:\/\/www.osezmauges.fr\/evenements-pro\/organiser-son-evenement-pro\/salle-seminaire\/salle-de-seminaire-la-petite-felixiere\/\" target=\"_blank\" rel=\"noreferrer noopener\">La Petite F\u00e9lixi\u00e8re<\/a><\/strong> (Saint-Andr\u00e9-de-la-Marche) proposent des espaces chaleureux, \u00e0 taille humaine, en pleine campagne, avec <strong>h\u00e9bergement sur place pour 30 \u00e0 40 personnes<\/strong> et <strong>piscine int\u00e9rieure chauff\u00e9e<\/strong>.<br>Des lieux o\u00f9 le travail se fait naturellement, les \u00e9changes coulent facilement\u2026 et o\u00f9 l\u2019on se sent v\u00e9ritablement bien !<\/p>\n    <\/div>\n\n\n<h2 class=\"wp-block-heading\">5\ufe0f\u20e3 Ne pas rester seul(e) face \u00e0 l\u2019organisation<\/h2>\n\n\n\n<div class=\"wp-block-media-text alignwide has-media-on-the-right is-stacked-on-mobile is-image-fill\"><figure class=\"wp-block-media-text__media\" style=\"background-image:url(https:\/\/www.osezmauges.fr\/evenements-pro\/wp-content\/uploads\/sites\/2\/2026\/01\/\u252c\u00aeDominique-Drouet-77150J2A7715.jpg);background-position:50% 50%\"><img width=\"1200\" height=\"800\" data-src=\"https:\/\/www.osezmauges.fr\/evenements-pro\/wp-content\/uploads\/sites\/2\/2026\/01\/\u252c\u00aeDominique-Drouet-77150J2A7715.jpg\" alt=\"\" class=\"wp-image-17378 size-full\" srcset=\"https:\/\/www.osezmauges.fr\/evenements-pro\/wp-content\/uploads\/sites\/2\/2026\/01\/\u252c\u00aeDominique-Drouet-77150J2A7715.jpg 1200w, https:\/\/www.osezmauges.fr\/evenements-pro\/wp-content\/uploads\/sites\/2\/2026\/01\/\u252c\u00aeDominique-Drouet-77150J2A7715-600x400.jpg 600w, https:\/\/www.osezmauges.fr\/evenements-pro\/wp-content\/uploads\/sites\/2\/2026\/01\/\u252c\u00aeDominique-Drouet-77150J2A7715-300x200.jpg 300w, https:\/\/www.osezmauges.fr\/evenements-pro\/wp-content\/uploads\/sites\/2\/2026\/01\/\u252c\u00aeDominique-Drouet-77150J2A7715-900x600.jpg 900w, https:\/\/www.osezmauges.fr\/evenements-pro\/wp-content\/uploads\/sites\/2\/2026\/01\/\u252c\u00aeDominique-Drouet-77150J2A7715-650x433.jpg 650w\" sizes=\"(max-width: 1200px) 100vw, 1200px\" \/><\/figure><div class=\"wp-block-media-text__content\">\n<p>Planifier un s\u00e9minaire ou un team-building peut vite devenir un v\u00e9ritable d\u00e9fi . Mais pas de panique : <strong>notre \u00e9quipe d\u2019experts en \u00e9v\u00e9nements pro est l\u00e0 pour vous accompagner<\/strong> \u00e0 chaque \u00e9tape. Du choix du lieu aux activit\u00e9s, en passant par la logistique et l\u2019h\u00e9bergement, on s\u2019occupe de tout pour que vous puissiez <strong>vous concentrer sur vos \u00e9quipes et vos objectifs<\/strong>.<\/p>\n\n\n\n<p>Vous n\u2019avez plus qu\u2019\u00e0 <strong>remplir votre cahier des charges<\/strong>, nous confier votre projet\u2026 et nous transformons vos crit\u00e8res en un \u00e9v\u00e9nement <strong>r\u00e9ussi, sur-mesure et \u00e9videmment&#8230; m\u00e9morable<\/strong> ! \ud83d\ude09<\/p>\n\n\n\n<div class=\"wp-block-buttons is-content-justification-center is-layout-flex wp-block-buttons-is-layout-flex\">\n<div class=\"wp-block-button\"><a class=\"wp-block-button__link\" href=\"https:\/\/www.osezmauges.fr\/evenements-pro\/contactez-nous\/\" target=\"_blank\" rel=\"noreferrer noopener\">Confiez-nous votre projet !<\/a><\/div>\n<\/div>\n<\/div><\/div>\n\n\n\n<p><\/p>\n","protected":false},"excerpt":{"rendered":"<p>\u2728 Bonne ann\u00e9e 2026 \u00e0 tous.tes !Janvier est l\u00e0, et avec lui son rituel de bonnes r\u00e9solutions\u2026 qu\u2019on sait d\u00e9j\u00e0 qu\u2019on ne tiendra pas \ud83d\ude0f. Cette ann\u00e9e, on fait le pari du contre-pied : des \u00e9v\u00e9nements f\u00e9d\u00e9rateurs, efficaces et inspirants\u2026 sans listes interminables ni cases \u00e0 cocher. La suite ? 5 anti-r\u00e8gles pour planifier vos [&hellip;]<\/p>\n","protected":false},"author":12,"featured_media":17382,"comment_status":"closed","ping_status":"closed","sticky":false,"template":"","format":"standard","meta":{"_relevanssi_hide_post":"","_relevanssi_hide_content":"","_relevanssi_pin_for_all":"","_relevanssi_pin_keywords":"","_relevanssi_unpin_keywords":"","_relevanssi_related_keywords":"","_relevanssi_related_include_ids":"","_relevanssi_related_exclude_ids":"","_relevanssi_related_no_append":"","_relevanssi_related_not_related":"","_relevanssi_related_posts":"12005,10489,11405,7797,7947,10100","_relevanssi_noindex_reason":"","footnotes":""},"categories":[8,10],"tags":[],"class_list":["post-17370","post","type-post","status-publish","format-standard","has-post-thumbnail","hentry","category-cohesion","category-rencontre"],"acf":[],"yoast_head":"<!-- This site is optimized with the Yoast SEO plugin v26.9 - https:\/\/yoast.com\/product\/yoast-seo-wordpress\/ -->\n<title>5 r\u00e8gles pour planifier vos prochaines rencontres pro en Maine-et-Loire<\/title>\n<meta name=\"description\" content=\"Cette ann\u00e9e, pas de bonnes r\u00e9solutions qu&#039;on ne tiendra pas. Plut\u00f4t des \u00e9v\u00e9nements f\u00e9d\u00e9rateurs et inspirants\u2026 sans listes interminables ni cases \u00e0 cocher.\" \/>\n<meta name=\"robots\" content=\"index, follow, max-snippet:-1, max-image-preview:large, max-video-preview:-1\" \/>\n<link rel=\"canonical\" href=\"https:\/\/www.osezmauges.fr\/evenements-pro\/2026\/01\/12\/planifier-vos-prochaines-rencontres-pro-en-2026\/\" \/>\n<meta property=\"og:locale\" content=\"fr_FR\" \/>\n<meta property=\"og:type\" content=\"article\" \/>\n<meta property=\"og:title\" content=\"5 r\u00e8gles pour planifier vos prochaines rencontres pro en Maine-et-Loire\" \/>\n<meta property=\"og:description\" content=\"Cette ann\u00e9e, pas de bonnes r\u00e9solutions qu&#039;on ne tiendra pas. Plut\u00f4t des \u00e9v\u00e9nements f\u00e9d\u00e9rateurs et inspirants\u2026 sans listes interminables ni cases \u00e0 cocher.\" \/>\n<meta property=\"og:url\" content=\"https:\/\/www.osezmauges.fr\/evenements-pro\/2026\/01\/12\/planifier-vos-prochaines-rencontres-pro-en-2026\/\" \/>\n<meta property=\"og:site_name\" content=\"Osez Mauges - Tourisme d&#039;affaire\" \/>\n<meta property=\"article:published_time\" content=\"2026-01-12T08:56:46+00:00\" \/>\n<meta property=\"article:modified_time\" content=\"2026-01-12T08:56:47+00:00\" \/>\n<meta property=\"og:image\" content=\"https:\/\/www.osezmauges.fr\/evenements-pro\/wp-content\/uploads\/sites\/2\/2026\/01\/cap-loire-location-salle-cousinade-famille-decoration-bloom-ete-montjean-sur-loire-msl-osez-mauges\u00a9A.Beranger.jpg\" \/>\n\t<meta property=\"og:image:width\" content=\"1500\" \/>\n\t<meta property=\"og:image:height\" content=\"1000\" \/>\n\t<meta property=\"og:image:type\" content=\"image\/jpeg\" \/>\n<meta name=\"author\" content=\"El\u00e9na\" \/>\n<meta name=\"twitter:card\" content=\"summary_large_image\" \/>\n<meta name=\"twitter:label1\" content=\"\u00c9crit par\" \/>\n\t<meta name=\"twitter:data1\" content=\"El\u00e9na\" \/>\n\t<meta name=\"twitter:label2\" content=\"Dur\u00e9e de lecture estim\u00e9e\" \/>\n\t<meta name=\"twitter:data2\" content=\"6 minutes\" \/>\n<script type=\"application\/ld+json\" class=\"yoast-schema-graph\">{\"@context\":\"https:\/\/schema.org\",\"@graph\":[{\"@type\":\"Article\",\"@id\":\"https:\/\/www.osezmauges.fr\/evenements-pro\/2026\/01\/12\/planifier-vos-prochaines-rencontres-pro-en-2026\/#article\",\"isPartOf\":{\"@id\":\"https:\/\/www.osezmauges.fr\/evenements-pro\/2026\/01\/12\/planifier-vos-prochaines-rencontres-pro-en-2026\/\"},\"author\":{\"name\":\"El\u00e9na\",\"@id\":\"https:\/\/www.osezmauges.fr\/evenements-pro\/#\/schema\/person\/5194383c8e75de3049b872a9e108eaca\"},\"headline\":\"Et si en 2026, on ne prenait\u2026 aucune r\u00e9solution pour la nouvelle ann\u00e9e ?\",\"datePublished\":\"2026-01-12T08:56:46+00:00\",\"dateModified\":\"2026-01-12T08:56:47+00:00\",\"mainEntityOfPage\":{\"@id\":\"https:\/\/www.osezmauges.fr\/evenements-pro\/2026\/01\/12\/planifier-vos-prochaines-rencontres-pro-en-2026\/\"},\"wordCount\":832,\"image\":{\"@id\":\"https:\/\/www.osezmauges.fr\/evenements-pro\/2026\/01\/12\/planifier-vos-prochaines-rencontres-pro-en-2026\/#primaryimage\"},\"thumbnailUrl\":\"https:\/\/www.osezmauges.fr\/evenements-pro\/wp-content\/uploads\/sites\/2\/2026\/01\/cap-loire-location-salle-cousinade-famille-decoration-bloom-ete-montjean-sur-loire-msl-osez-mauges\u00a9A.Beranger.jpg\",\"articleSection\":[\"Coh\u00e9sion\",\"Rencontre\"],\"inLanguage\":\"fr-FR\"},{\"@type\":\"WebPage\",\"@id\":\"https:\/\/www.osezmauges.fr\/evenements-pro\/2026\/01\/12\/planifier-vos-prochaines-rencontres-pro-en-2026\/\",\"url\":\"https:\/\/www.osezmauges.fr\/evenements-pro\/2026\/01\/12\/planifier-vos-prochaines-rencontres-pro-en-2026\/\",\"name\":\"5 r\u00e8gles pour planifier vos prochaines rencontres pro en Maine-et-Loire\",\"isPartOf\":{\"@id\":\"https:\/\/www.osezmauges.fr\/evenements-pro\/#website\"},\"primaryImageOfPage\":{\"@id\":\"https:\/\/www.osezmauges.fr\/evenements-pro\/2026\/01\/12\/planifier-vos-prochaines-rencontres-pro-en-2026\/#primaryimage\"},\"image\":{\"@id\":\"https:\/\/www.osezmauges.fr\/evenements-pro\/2026\/01\/12\/planifier-vos-prochaines-rencontres-pro-en-2026\/#primaryimage\"},\"thumbnailUrl\":\"https:\/\/www.osezmauges.fr\/evenements-pro\/wp-content\/uploads\/sites\/2\/2026\/01\/cap-loire-location-salle-cousinade-famille-decoration-bloom-ete-montjean-sur-loire-msl-osez-mauges\u00a9A.Beranger.jpg\",\"datePublished\":\"2026-01-12T08:56:46+00:00\",\"dateModified\":\"2026-01-12T08:56:47+00:00\",\"author\":{\"@id\":\"https:\/\/www.osezmauges.fr\/evenements-pro\/#\/schema\/person\/5194383c8e75de3049b872a9e108eaca\"},\"description\":\"Cette ann\u00e9e, pas de bonnes r\u00e9solutions qu'on ne tiendra pas. Plut\u00f4t des \u00e9v\u00e9nements f\u00e9d\u00e9rateurs et inspirants\u2026 sans listes interminables ni cases \u00e0 cocher.\",\"breadcrumb\":{\"@id\":\"https:\/\/www.osezmauges.fr\/evenements-pro\/2026\/01\/12\/planifier-vos-prochaines-rencontres-pro-en-2026\/#breadcrumb\"},\"inLanguage\":\"fr-FR\",\"potentialAction\":[{\"@type\":\"ReadAction\",\"target\":[\"https:\/\/www.osezmauges.fr\/evenements-pro\/2026\/01\/12\/planifier-vos-prochaines-rencontres-pro-en-2026\/\"]}]},{\"@type\":\"ImageObject\",\"inLanguage\":\"fr-FR\",\"@id\":\"https:\/\/www.osezmauges.fr\/evenements-pro\/2026\/01\/12\/planifier-vos-prochaines-rencontres-pro-en-2026\/#primaryimage\",\"url\":\"https:\/\/www.osezmauges.fr\/evenements-pro\/wp-content\/uploads\/sites\/2\/2026\/01\/cap-loire-location-salle-cousinade-famille-decoration-bloom-ete-montjean-sur-loire-msl-osez-mauges\u00a9A.Beranger.jpg\",\"contentUrl\":\"https:\/\/www.osezmauges.fr\/evenements-pro\/wp-content\/uploads\/sites\/2\/2026\/01\/cap-loire-location-salle-cousinade-famille-decoration-bloom-ete-montjean-sur-loire-msl-osez-mauges\u00a9A.Beranger.jpg\",\"width\":1500,\"height\":1000},{\"@type\":\"BreadcrumbList\",\"@id\":\"https:\/\/www.osezmauges.fr\/evenements-pro\/2026\/01\/12\/planifier-vos-prochaines-rencontres-pro-en-2026\/#breadcrumb\",\"itemListElement\":[{\"@type\":\"ListItem\",\"position\":1,\"name\":\"Accueil\",\"item\":\"https:\/\/www.osezmauges.fr\/evenements-pro\/\"},{\"@type\":\"ListItem\",\"position\":2,\"name\":\"Et si en 2026, on ne prenait\u2026 aucune r\u00e9solution pour la nouvelle ann\u00e9e ?\"}]},{\"@type\":\"WebSite\",\"@id\":\"https:\/\/www.osezmauges.fr\/evenements-pro\/#website\",\"url\":\"https:\/\/www.osezmauges.fr\/evenements-pro\/\",\"name\":\"Osez Mauges - Tourisme d&#039;affaire\",\"description\":\"\u00d4sez Mauges\",\"potentialAction\":[{\"@type\":\"SearchAction\",\"target\":{\"@type\":\"EntryPoint\",\"urlTemplate\":\"https:\/\/www.osezmauges.fr\/evenements-pro\/?s={search_term_string}\"},\"query-input\":{\"@type\":\"PropertyValueSpecification\",\"valueRequired\":true,\"valueName\":\"search_term_string\"}}],\"inLanguage\":\"fr-FR\"},{\"@type\":\"Person\",\"@id\":\"https:\/\/www.osezmauges.fr\/evenements-pro\/#\/schema\/person\/5194383c8e75de3049b872a9e108eaca\",\"name\":\"El\u00e9na\",\"image\":{\"@type\":\"ImageObject\",\"inLanguage\":\"fr-FR\",\"@id\":\"https:\/\/www.osezmauges.fr\/evenements-pro\/#\/schema\/person\/image\/\",\"url\":\"https:\/\/secure.gravatar.com\/avatar\/f2d5cef2a1deb4a3d2e6a5eb959ca3b8442719c7646436b0f2cb0a0c11b8dd38?s=96&d=mm&r=g\",\"contentUrl\":\"https:\/\/secure.gravatar.com\/avatar\/f2d5cef2a1deb4a3d2e6a5eb959ca3b8442719c7646436b0f2cb0a0c11b8dd38?s=96&d=mm&r=g\",\"caption\":\"El\u00e9na\"},\"url\":\"https:\/\/www.osezmauges.fr\/evenements-pro\/auteur\/emangano\/\"}]}<\/script>\n<!-- \/ Yoast SEO plugin. -->","yoast_head_json":{"title":"5 r\u00e8gles pour planifier vos prochaines rencontres pro en Maine-et-Loire","description":"Cette ann\u00e9e, pas de bonnes r\u00e9solutions qu'on ne tiendra pas. Plut\u00f4t des \u00e9v\u00e9nements f\u00e9d\u00e9rateurs et inspirants\u2026 sans listes interminables ni cases \u00e0 cocher.","robots":{"index":"index","follow":"follow","max-snippet":"max-snippet:-1","max-image-preview":"max-image-preview:large","max-video-preview":"max-video-preview:-1"},"canonical":"https:\/\/www.osezmauges.fr\/evenements-pro\/2026\/01\/12\/planifier-vos-prochaines-rencontres-pro-en-2026\/","og_locale":"fr_FR","og_type":"article","og_title":"5 r\u00e8gles pour planifier vos prochaines rencontres pro en Maine-et-Loire","og_description":"Cette ann\u00e9e, pas de bonnes r\u00e9solutions qu'on ne tiendra pas. Plut\u00f4t des \u00e9v\u00e9nements f\u00e9d\u00e9rateurs et inspirants\u2026 sans listes interminables ni cases \u00e0 cocher.","og_url":"https:\/\/www.osezmauges.fr\/evenements-pro\/2026\/01\/12\/planifier-vos-prochaines-rencontres-pro-en-2026\/","og_site_name":"Osez Mauges - Tourisme d&#039;affaire","article_published_time":"2026-01-12T08:56:46+00:00","article_modified_time":"2026-01-12T08:56:47+00:00","og_image":[{"width":1500,"height":1000,"url":"https:\/\/www.osezmauges.fr\/evenements-pro\/wp-content\/uploads\/sites\/2\/2026\/01\/cap-loire-location-salle-cousinade-famille-decoration-bloom-ete-montjean-sur-loire-msl-osez-mauges\u00a9A.Beranger.jpg","type":"image\/jpeg"}],"author":"El\u00e9na","twitter_card":"summary_large_image","twitter_misc":{"\u00c9crit par":"El\u00e9na","Dur\u00e9e de lecture estim\u00e9e":"6 minutes"},"schema":{"@context":"https:\/\/schema.org","@graph":[{"@type":"Article","@id":"https:\/\/www.osezmauges.fr\/evenements-pro\/2026\/01\/12\/planifier-vos-prochaines-rencontres-pro-en-2026\/#article","isPartOf":{"@id":"https:\/\/www.osezmauges.fr\/evenements-pro\/2026\/01\/12\/planifier-vos-prochaines-rencontres-pro-en-2026\/"},"author":{"name":"El\u00e9na","@id":"https:\/\/www.osezmauges.fr\/evenements-pro\/#\/schema\/person\/5194383c8e75de3049b872a9e108eaca"},"headline":"Et si en 2026, on ne prenait\u2026 aucune r\u00e9solution pour la nouvelle ann\u00e9e ?","datePublished":"2026-01-12T08:56:46+00:00","dateModified":"2026-01-12T08:56:47+00:00","mainEntityOfPage":{"@id":"https:\/\/www.osezmauges.fr\/evenements-pro\/2026\/01\/12\/planifier-vos-prochaines-rencontres-pro-en-2026\/"},"wordCount":832,"image":{"@id":"https:\/\/www.osezmauges.fr\/evenements-pro\/2026\/01\/12\/planifier-vos-prochaines-rencontres-pro-en-2026\/#primaryimage"},"thumbnailUrl":"https:\/\/www.osezmauges.fr\/evenements-pro\/wp-content\/uploads\/sites\/2\/2026\/01\/cap-loire-location-salle-cousinade-famille-decoration-bloom-ete-montjean-sur-loire-msl-osez-mauges\u00a9A.Beranger.jpg","articleSection":["Coh\u00e9sion","Rencontre"],"inLanguage":"fr-FR"},{"@type":"WebPage","@id":"https:\/\/www.osezmauges.fr\/evenements-pro\/2026\/01\/12\/planifier-vos-prochaines-rencontres-pro-en-2026\/","url":"https:\/\/www.osezmauges.fr\/evenements-pro\/2026\/01\/12\/planifier-vos-prochaines-rencontres-pro-en-2026\/","name":"5 r\u00e8gles pour planifier vos prochaines rencontres pro en Maine-et-Loire","isPartOf":{"@id":"https:\/\/www.osezmauges.fr\/evenements-pro\/#website"},"primaryImageOfPage":{"@id":"https:\/\/www.osezmauges.fr\/evenements-pro\/2026\/01\/12\/planifier-vos-prochaines-rencontres-pro-en-2026\/#primaryimage"},"image":{"@id":"https:\/\/www.osezmauges.fr\/evenements-pro\/2026\/01\/12\/planifier-vos-prochaines-rencontres-pro-en-2026\/#primaryimage"},"thumbnailUrl":"https:\/\/www.osezmauges.fr\/evenements-pro\/wp-content\/uploads\/sites\/2\/2026\/01\/cap-loire-location-salle-cousinade-famille-decoration-bloom-ete-montjean-sur-loire-msl-osez-mauges\u00a9A.Beranger.jpg","datePublished":"2026-01-12T08:56:46+00:00","dateModified":"2026-01-12T08:56:47+00:00","author":{"@id":"https:\/\/www.osezmauges.fr\/evenements-pro\/#\/schema\/person\/5194383c8e75de3049b872a9e108eaca"},"description":"Cette ann\u00e9e, pas de bonnes r\u00e9solutions qu'on ne tiendra pas. Plut\u00f4t des \u00e9v\u00e9nements f\u00e9d\u00e9rateurs et inspirants\u2026 sans listes interminables ni cases \u00e0 cocher.","breadcrumb":{"@id":"https:\/\/www.osezmauges.fr\/evenements-pro\/2026\/01\/12\/planifier-vos-prochaines-rencontres-pro-en-2026\/#breadcrumb"},"inLanguage":"fr-FR","potentialAction":[{"@type":"ReadAction","target":["https:\/\/www.osezmauges.fr\/evenements-pro\/2026\/01\/12\/planifier-vos-prochaines-rencontres-pro-en-2026\/"]}]},{"@type":"ImageObject","inLanguage":"fr-FR","@id":"https:\/\/www.osezmauges.fr\/evenements-pro\/2026\/01\/12\/planifier-vos-prochaines-rencontres-pro-en-2026\/#primaryimage","url":"https:\/\/www.osezmauges.fr\/evenements-pro\/wp-content\/uploads\/sites\/2\/2026\/01\/cap-loire-location-salle-cousinade-famille-decoration-bloom-ete-montjean-sur-loire-msl-osez-mauges\u00a9A.Beranger.jpg","contentUrl":"https:\/\/www.osezmauges.fr\/evenements-pro\/wp-content\/uploads\/sites\/2\/2026\/01\/cap-loire-location-salle-cousinade-famille-decoration-bloom-ete-montjean-sur-loire-msl-osez-mauges\u00a9A.Beranger.jpg","width":1500,"height":1000},{"@type":"BreadcrumbList","@id":"https:\/\/www.osezmauges.fr\/evenements-pro\/2026\/01\/12\/planifier-vos-prochaines-rencontres-pro-en-2026\/#breadcrumb","itemListElement":[{"@type":"ListItem","position":1,"name":"Accueil","item":"https:\/\/www.osezmauges.fr\/evenements-pro\/"},{"@type":"ListItem","position":2,"name":"Et si en 2026, on ne prenait\u2026 aucune r\u00e9solution pour la nouvelle ann\u00e9e ?"}]},{"@type":"WebSite","@id":"https:\/\/www.osezmauges.fr\/evenements-pro\/#website","url":"https:\/\/www.osezmauges.fr\/evenements-pro\/","name":"Osez Mauges - Tourisme d&#039;affaire","description":"\u00d4sez Mauges","potentialAction":[{"@type":"SearchAction","target":{"@type":"EntryPoint","urlTemplate":"https:\/\/www.osezmauges.fr\/evenements-pro\/?s={search_term_string}"},"query-input":{"@type":"PropertyValueSpecification","valueRequired":true,"valueName":"search_term_string"}}],"inLanguage":"fr-FR"},{"@type":"Person","@id":"https:\/\/www.osezmauges.fr\/evenements-pro\/#\/schema\/person\/5194383c8e75de3049b872a9e108eaca","name":"El\u00e9na","image":{"@type":"ImageObject","inLanguage":"fr-FR","@id":"https:\/\/www.osezmauges.fr\/evenements-pro\/#\/schema\/person\/image\/","url":"https:\/\/secure.gravatar.com\/avatar\/f2d5cef2a1deb4a3d2e6a5eb959ca3b8442719c7646436b0f2cb0a0c11b8dd38?s=96&d=mm&r=g","contentUrl":"https:\/\/secure.gravatar.com\/avatar\/f2d5cef2a1deb4a3d2e6a5eb959ca3b8442719c7646436b0f2cb0a0c11b8dd38?s=96&d=mm&r=g","caption":"El\u00e9na"},"url":"https:\/\/www.osezmauges.fr\/evenements-pro\/auteur\/emangano\/"}]}},"_links":{"self":[{"href":"https:\/\/www.osezmauges.fr\/evenements-pro\/wp-json\/wp\/v2\/posts\/17370","targetHints":{"allow":["GET"]}}],"collection":[{"href":"https:\/\/www.osezmauges.fr\/evenements-pro\/wp-json\/wp\/v2\/posts"}],"about":[{"href":"https:\/\/www.osezmauges.fr\/evenements-pro\/wp-json\/wp\/v2\/types\/post"}],"author":[{"embeddable":true,"href":"https:\/\/www.osezmauges.fr\/evenements-pro\/wp-json\/wp\/v2\/users\/12"}],"replies":[{"embeddable":true,"href":"https:\/\/www.osezmauges.fr\/evenements-pro\/wp-json\/wp\/v2\/comments?post=17370"}],"version-history":[{"count":40,"href":"https:\/\/www.osezmauges.fr\/evenements-pro\/wp-json\/wp\/v2\/posts\/17370\/revisions"}],"predecessor-version":[{"id":17422,"href":"https:\/\/www.osezmauges.fr\/evenements-pro\/wp-json\/wp\/v2\/posts\/17370\/revisions\/17422"}],"wp:featuredmedia":[{"embeddable":true,"href":"https:\/\/www.osezmauges.fr\/evenements-pro\/wp-json\/wp\/v2\/media\/17382"}],"wp:attachment":[{"href":"https:\/\/www.osezmauges.fr\/evenements-pro\/wp-json\/wp\/v2\/media?parent=17370"}],"wp:term":[{"taxonomy":"category","embeddable":true,"href":"https:\/\/www.osezmauges.fr\/evenements-pro\/wp-json\/wp\/v2\/categories?post=17370"},{"taxonomy":"post_tag","embeddable":true,"href":"https:\/\/www.osezmauges.fr\/evenements-pro\/wp-json\/wp\/v2\/tags?post=17370"}],"curies":[{"name":"wp","href":"https:\/\/api.w.org\/{rel}","templated":true}]}}